{"id":2386,"date":"2020-07-09T16:42:21","date_gmt":"2020-07-09T16:42:21","guid":{"rendered":"https:\/\/www.ecosoulericeira.com\/?p=2386"},"modified":"2022-04-09T17:12:58","modified_gmt":"2022-04-09T17:12:58","slug":"coronavirus-en-ericeira-ultimas-actualizaciones-covid-19","status":"publish","type":"post","link":"https:\/\/www.ecosoulericeira.com\/es\/2020\/07\/09\/coronavirus-en-ericeira-ultimas-actualizaciones-covid-19\/","title":{"rendered":"Coronavirus en Ericeira &#8211; \u00daltimas actualizaciones sobre Covid-19"},"content":{"rendered":"<div class=\"wpb-content-wrapper\">[vc_row][vc_column][vc_column_text css=\u00bb.vc_custom_1649522704754{margin-bottom: 0px !important;}\u00bb]\u00daltima actualizaci\u00f3n: 9 de Abril de 2022<\/p>\n<h2><strong>Actualizaciones a 9 de Abril de 2022 sobre el Coronavirus (Covid-19) en Ericeira &#8211; Mafra &#8211; Lisboa \u2013 Portugal.<\/strong><\/h2>\n<p>Si planea viajar a Portugal y tiene la intenci\u00f3n de visitar Ericeira en 2022, aqu\u00ed le dejamos informaci\u00f3n relevante para su estancia.[\/vc_column_text][vc_column_text css=\u00bb.vc_custom_1593535653785{margin-bottom: 0px !important;}\u00bb][\/vc_column_text][mk_padding_divider][\/vc_column][\/vc_row][vc_row][vc_column][vc_column_text css=\u00bb.vc_custom_1649523493069{margin-bottom: 0px !important;}\u00bb]Al haber alcanzado un porcentaje del 95% de la poblaci\u00f3n con vacunaci\u00f3n completa, el gobierno de Portugal ha levantado la mayoria de las restricciones pero sigue tomando todas las medidas de salud p\u00fablica necesarias para proteger a la poblaci\u00f3n y a los visitantes del pa\u00eds.<\/p>\n<p>Todas las medidas establecidas podr\u00e1n revisarse en funci\u00f3n de la evoluci\u00f3n de la situaci\u00f3n epidemiol\u00f3gica.<\/p>\n<p>En este momento las medidas en vigor son:<\/p>\n<ul>\n<li>Mascarilla obligatoria en espacios cerrados.<\/li>\n<li>Se elimin\u00f3 la obligaci\u00f3n de presentar un certificado de vacunaci\u00f3n o prueba de recuperaci\u00f3n, excepto en las fronteras, donde se mantienen las restricciones.<\/li>\n<li>Establecimientos de hospedaje: Acceso sin restricciones, excepto uso obligat\u00f3rio de mascarilla.<\/li>\n<li>Restaurantes, caf\u00e9s, pasteler\u00edas, bares e discotecas: Acceso sin restricciones, excepto uso obligat\u00f3rio de mascarilla.<\/li>\n<li>Espet\u00e1culos, eventos y otros espacios p\u00fabicos: Acceso sin restricciones, excepto uso obligat\u00f3rio de mascarilla.<\/li>\n<li>Centros asistenciales y de ancianos e instituciones de salud: Prueba negativa obligatoria o certificado de recuperaci\u00f3n, excepto aquellos que ya hayan sido vacunados con una dosis de refuerzo de la vacuna durante al menos 14 d\u00edas.<\/li>\n<li>Puede realizar las pruebas de PCR y ant\u00edgeno en Mafra o en el aeropuerto de Lisboa.<\/li>\n<li>Puede adquirir el Test R\u00e1pido de Ant\u00edgeno (TRAg), en la modalidad de autotest en cualquier farmacia de la zona de Ericeira o Mafra.<\/li>\n<\/ul>\n<p>* Los testes de COVID v\u00e1lidos son: RT-PCR realizada dentro de las 72 horas anteriores a la presentaci\u00f3n; Prueba r\u00e1pida de ant\u00edgeno (TRAg), verificada por una entidad certificada, realizada dentro de las 48 horas anteriores a la presentaci\u00f3n; Prueba r\u00e1pida de ant\u00edgeno (TRAg), en la modalidad de autotest, realizada en la puerta del establecimiento con la supervisi\u00f3n de un empleado.<\/p>\n<p><strong>Pautas generales de comportamiento<\/strong><\/p>\n<p>Distanciamiento social<br \/>\nLavado de manos frecuente<br \/>\nUso obligatorio de la mascarilla en espacios cerrados de uso p\u00fablico y recomendado al aire libre cuando no es posible asegurar la distancia entre las personas.<br \/>\nEtiqueta respiratoria<\/p>\n<p>Consulte <a href=\"https:\/\/www.visitportugal.com\/es\/content\/covid-19-medidas-implementadas-en-portugal\">aqu\u00ed la informaci\u00f3n<\/a> oficial sobre las medidas en vigor en todo el pa\u00eds.<\/p>\n<p>Confirme <a href=\"https:\/\/covid19.min-saude.pt\/ponto-de-situacao-atual-em-portugal\/\">aqu\u00ed los n\u00fameros<\/a> y la situaci\u00f3n sobre el Coronavirus en Portugal por zonas geogr\u00e1ficas.[\/vc_column_text][vc_column_text css=\u00bb.vc_custom_1593535653785{margin-bottom: 0px !important;}\u00bb][\/vc_column_text][mk_padding_divider][\/vc_column][\/vc_row][vc_row][vc_column width=\u00bb1\/2&#8243;][mk_image src=\u00bbhttps:\/\/www.ecosoulericeira.com\/wp-content\/uploads\/2018\/03\/sobre-nos-min.jpg\u00bb][\/vc_column][vc_column width=\u00bb1\/2&#8243;][mk_image src=\u00bbhttps:\/\/www.ecosoulericeira.com\/wp-content\/uploads\/2018\/02\/ericeira.jpg\u00bb][\/vc_column][\/vc_row][vc_row][vc_column][mk_padding_divider][vc_column_text css=\u00bb.vc_custom_1619860495556{margin-bottom: 0px !important;}\u00bb]\n<h3><strong>Situaci\u00f3n actual sobre el Coronavirus en Ericeira<\/strong><\/h3>\n<ul>\n<li>Las playas est\u00e1n todas abiertas. Se recomienda una distancia de seguridad de 2 metros entre las toallas de playa y 3 metros entre las sombrillas.<\/li>\n<li>Las escuelas de surf funcionan normalmente pero con una reducci\u00f3n del n\u00famero de personas por clases de grupo.<\/li>\n<li>Las farmacias, supermercados y gasolineras se encuentran abiertos.<\/li>\n<li>Los bares y restaurantes se encuentran abiertos. El n\u00famero de mesas fue reducido para garantizar la distancia de 2 metros. Se recomienda reservar.<\/li>\n<\/ul>\n[\/vc_column_text][vc_column_text css=\u00bb.vc_custom_1593535653785{margin-bottom: 0px !important;}\u00bb][\/vc_column_text][\/vc_column][vc_column][\/vc_column][\/vc_row][vc_row][vc_column][mk_padding_divider][vc_column_text css=\u00bb.vc_custom_1619198713675{margin-bottom: 0px !important;}\u00bb]\n<h3><strong>Se recomienda cumplir con algunas medidas de seguridad como:<\/strong><\/h3>\n<ul>\n<li>Traer m\u00e1scaras para toda su estancia.<\/li>\n<li>Tener una soluci\u00f3n de gel desinfectante a base de alcohol, aunque todos los establecimientos la tengan para el uso de sus clientes.<\/li>\n<li>Mantener la distancia social de 2 metros.<\/li>\n<li>Cumplir con la etiqueta de respiraci\u00f3n. En otras palabras, cuando tosa o estornude, debe hacerlo cubri\u00e9ndose la cara con el antebrazo y evitando usar las manos.<\/li>\n<li>Alquilar un coche y evitar el transporte p\u00fablico.<\/li>\n<li>Elegir un lugar para alojarse y hacer una estancia larga en el mismo alojamiento, en lugar de estancias cortas en varios establecimientos.<\/li>\n<li>Asegurarse de ver las medidas que Eco Soul Ericeira Guesthouse ha adoptado para que su estancia sea segura y saludable.<\/li>\n<\/ul>\n[\/vc_column_text][vc_column_text css=\u00bb.vc_custom_1593535653785{margin-bottom: 0px !important;}\u00bb][\/vc_column_text][\/vc_column][vc_column][\/vc_column][\/vc_row][vc_row][vc_column][vc_column_text css=\u00bb.vc_custom_1593539685711{margin-bottom: 0px !important;}\u00bb][\/vc_column_text][vc_column_text css=\u00bb.vc_custom_1593540134463{margin-bottom: 0px !important;}\u00bb][\/vc_column_text][\/vc_column][vc_column][\/vc_column][\/vc_row][vc_row][vc_column][vc_column_text css=\u00bb.vc_custom_1593539685711{margin-bottom: 0px !important;}\u00bb][\/vc_column_text][vc_column_text css=\u00bb.vc_custom_1593540046879{margin-bottom: 0px !important;}\u00bb][\/vc_column_text][\/vc_column][vc_column][mk_padding_divider][vc_column_text css=\u00bb.vc_custom_1619198772554{margin-bottom: 0px !important;}\u00bb]\n<h3><\/h3>\n<h4 style=\"text-align: center;\">ECO SOUL ERICEIRA GUESTHOUSE<\/h4>\n<h4 style=\"text-align: center;\"><strong>Cerca de la natureza estamos m\u00e1s seguros<\/strong><\/h4>\n<p style=\"text-align: center;\">Eco Soul Ericeira Guesthouse ha adoptado todas las medidas y directrices de la Direcci\u00f3n General de Salud (DGS) para que su estancia sea segura y le proporcione un descanso rodeado de naturaleza.<\/p>\n[\/vc_column_text][mk_padding_divider][\/vc_column][\/vc_row][vc_row][vc_column width=\u00bb1\/2&#8243;][mk_image src=\u00bbhttps:\/\/www.ecosoulericeira.com\/wp-content\/uploads\/2018\/03\/pordosol4-min.jpg\u00bb][\/vc_column][vc_column width=\u00bb1\/2&#8243;][mk_image src=\u00bbhttps:\/\/www.ecosoulericeira.com\/wp-content\/uploads\/2020\/06\/uno1084-scaled.jpg\u00bb][\/vc_column][\/vc_row][vc_row][vc_column][mk_padding_divider][vc_column_text css=\u00bb.vc_custom_1619198813590{margin-bottom: 0px !important;}\u00bb]Nuestra ubicaci\u00f3n, frente al Parque Natural de Sintra-Cascais y la Playa de S\u00e3o Juli\u00e3o, entre el campo, las colinas y el mar, le da la seguridad de respirar aire fresco. Caminar por senderos naturales le llenar\u00e1 de energ\u00eda y un ba\u00f1o de mar en una playa desierta con 3 kil\u00f3metros de arena es un aut\u00e9ntico lujo.[\/vc_column_text][\/vc_column][vc_column][\/vc_column][\/vc_row][vc_row][vc_column][vc_column_text css=\u00bb.vc_custom_1619198895369{margin-bottom: 0px !important;}\u00bb]Desde el principio, Eco Soul Ericeira Guesthouse opt\u00f3 por ser un espacio exclusivo, con s\u00f3lo cinco habitaciones y una capacidad m\u00e1xima para diez personas. Las habitaciones con vista al mar y al jard\u00edn tienen capacidad para un m\u00e1ximo de dos personas y todas ellas tienen ba\u00f1o privado. Las habitaciones con vista al jard\u00edn disponen de una terraza privada y acceso directo al jard\u00edn. Las habitaciones con vista al mar tienen balcones privados con vistas al Oc\u00e9ano Atl\u00e1ntico y al Parque Natural de Sintra-Cascais.[\/vc_column_text][vc_column_text css=\u00bb.vc_custom_1619199003551{margin-bottom: 0px !important;}\u00bb]La brisa del Atl\u00e1ntico refresca las <a href=\"https:\/\/www.ecosoulericeira.com\/es\/habitaciones\/\">habitaciones<\/a> sin aire acondicionado ni televisi\u00f3n. La limpieza y desinfecci\u00f3n se realiza diariamente.\u00a0 Las s\u00e1banas y toallas blancas, dan tranquilidad y confort. Los cuidados en su tratamiento y lavado, siguen todas las recomendaciones de la DGS y de Turismo de Portugal.<\/p>\n<p>Los que vienen aqu\u00ed a descansar, disfrutan de una paz absoluta.<\/p>\n<p>&nbsp;<\/p>\n[\/vc_column_text][\/vc_column][vc_column][mk_padding_divider][\/vc_column][\/vc_row][vc_row][vc_column width=\u00bb1\/2&#8243;][mk_image src=\u00bbhttps:\/\/www.ecosoulericeira.com\/wp-content\/uploads\/2020\/01\/surfpackage1-min.jpg\u00bb image_size=\u00bbfull\u00bb][\/vc_column][vc_column width=\u00bb1\/2&#8243;][mk_image src=\u00bbhttps:\/\/www.ecosoulericeira.com\/wp-content\/uploads\/2020\/01\/surfyogapackage2-min.jpg\u00bb image_size=\u00bbfull\u00bb][\/vc_column][\/vc_row][vc_row][vc_column][mk_padding_divider][vc_column_text css=\u00bb.vc_custom_1619199028052{margin-bottom: 0px !important;}\u00bb]Todos los trabajadores de Eco Soul Ericeira Guesthouse han terminado con \u00e9xito la formaci\u00f3n en la Certificaci\u00f3n de Turismo Limpio y Seguro proporcionada por el Turismo de Portugal y la DGS. Por esta raz\u00f3n, todos los protocolos de seguridad recomendados han sido implementados r\u00e1pidamente.[\/vc_column_text][vc_column_text css=\u00bb.vc_custom_1619199046292{margin-bottom: 0px !important;}\u00bb]La limpieza y desinfecci\u00f3n de las \u00e1reas comunes se realiza varias veces al d\u00eda. La ventilaci\u00f3n natural de toda la Guesthouse se hace diariamente. Se facilita gel desinfectante a base de alcohol en las zonas de mayor tr\u00e1nsito.\u00a0 Se han instalado se\u00f1ales informativas sobre los protocolos de seguridad a la entrada del establecimiento y en la recepci\u00f3n.\u00a0 Todos los trabajadores hacen uso del equipo de protecci\u00f3n individual. Se ha establecido un procedimiento de check-in r\u00e1pido y un canal de comunicaci\u00f3n online en lugar de personalmente, para minimizar el contacto entre los empleados y los hu\u00e9spedes.[\/vc_column_text][\/vc_column][\/vc_row][vc_row][vc_column][vc_column_text css=\u00bb.vc_custom_1619199093525{margin-bottom: 0px !important;}\u00bb]El amplio jard\u00edn y las diferentes zonas de estar permiten a nuestros hu\u00e9spedes disfrutar del aire libre con todas las comodidades y manteniendo la distancia de seguridad.\u00a0 Hemos adaptado el horario del desayuno a la situaci\u00f3n actual, teniendo lugar en tres turnos.\u00a0 El desayuno se prepara con cuidado por los anfitriones y se sirve \u00abA La Carta\u00bb y en la mesa seg\u00fan las preferencias de los hu\u00e9spedes.[\/vc_column_text][\/vc_column][\/vc_row]\n<\/div>","protected":false},"excerpt":{"rendered":"<p>[vc_row][vc_column][vc_column_text css=\u00bb.vc_custom_1649522704754{margin-bottom: 0px !important;}\u00bb]\u00daltima actualizaci\u00f3n: 9 de Abril de 2022 Actualizaciones a 9 de Abril de 2022 sobre el Coronavirus (Covid-19) en Ericeira &#8211; Mafra &#8211; Lisboa \u2013 Portugal. Si planea viajar a Portugal y tiene la intenci\u00f3n de visitar Ericeira en 2022, aqu\u00ed le dejamos informaci\u00f3n relevante para su estancia.[\/vc_column_text][vc_column_text css=\u00bb.vc_custom_1593535653785{margin-bottom: 0px !important;}\u00bb][\/vc_column_text][mk_padding_divider][\/vc_column][\/vc_row][vc_row][vc_column][vc_column_text css=\u00bb.vc_custom_1649523493069{margin-bottom: [&hellip;]<\/p>\n","protected":false},"author":2,"featured_media":2015,"comment_status":"closed","ping_status":"open","sticky":false,"template":"","format":"standard","meta":{"footnotes":""},"categories":[25],"tags":[],"class_list":["post-2386","post","type-post","status-publish","format-standard","has-post-thumbnail","hentry","category-coronavirus-3"],"yoast_head":"<!-- This site is optimized with the Yoast SEO plugin v26.9 - https:\/\/yoast.com\/product\/yoast-seo-wordpress\/ -->\n<title>Coronavirus en Ericeira 2022 - Ultimas actualizaciones - Eco Soul Ericeira<\/title>\n<meta name=\"description\" content=\"Coronavirus en Ericeira - \u00daltimas actualizaciones en 2022 sobre el Covid-19. Si planea viajar a Portugal este verano, este blog es para ti.\" \/>\n<meta name=\"robots\" content=\"index, follow, max-snippet:-1, max-image-preview:large, max-video-preview:-1\" \/>\n<link rel=\"canonical\" href=\"https:\/\/www.ecosoulericeira.com\/es\/2020\/07\/09\/coronavirus-en-ericeira-ultimas-actualizaciones-covid-19\/\" \/>\n<meta property=\"og:locale\" content=\"es_ES\" \/>\n<meta property=\"og:type\" content=\"article\" \/>\n<meta property=\"og:title\" content=\"Coronavirus en Ericeira 2022 - Ultimas actualizaciones - Eco Soul Ericeira\" \/>\n<meta property=\"og:description\" content=\"Coronavirus en Ericeira - \u00daltimas actualizaciones en 2022 sobre el Covid-19. Si planea viajar a Portugal este verano, este blog es para ti.\" \/>\n<meta property=\"og:url\" content=\"https:\/\/www.ecosoulericeira.com\/es\/2020\/07\/09\/coronavirus-en-ericeira-ultimas-actualizaciones-covid-19\/\" \/>\n<meta property=\"og:site_name\" content=\"Eco Soul Ericeira\" \/>\n<meta property=\"article:published_time\" content=\"2020-07-09T16:42:21+00:00\" \/>\n<meta property=\"article:modified_time\" content=\"2022-04-09T17:12:58+00:00\" \/>\n<meta property=\"og:image\" content=\"https:\/\/www.ecosoulericeira.com\/wp-content\/uploads\/2018\/04\/ericeira-min.jpg\" \/>\n\t<meta property=\"og:image:width\" content=\"1200\" \/>\n\t<meta property=\"og:image:height\" content=\"674\" \/>\n\t<meta property=\"og:image:type\" content=\"image\/jpeg\" \/>\n<meta name=\"author\" content=\"ecosoul\" \/>\n<meta name=\"twitter:card\" content=\"summary_large_image\" \/>\n<meta name=\"twitter:label1\" content=\"Escrito por\" \/>\n\t<meta name=\"twitter:data1\" content=\"ecosoul\" \/>\n\t<meta name=\"twitter:label2\" content=\"Tiempo de lectura\" \/>\n\t<meta name=\"twitter:data2\" content=\"7 minutos\" \/>\n<script type=\"application\/ld+json\" class=\"yoast-schema-graph\">{\"@context\":\"https:\/\/schema.org\",\"@graph\":[{\"@type\":\"Article\",\"@id\":\"https:\/\/www.ecosoulericeira.com\/es\/2020\/07\/09\/coronavirus-en-ericeira-ultimas-actualizaciones-covid-19\/#article\",\"isPartOf\":{\"@id\":\"https:\/\/www.ecosoulericeira.com\/es\/2020\/07\/09\/coronavirus-en-ericeira-ultimas-actualizaciones-covid-19\/\"},\"author\":{\"name\":\"ecosoul\",\"@id\":\"https:\/\/www.ecosoulericeira.com\/es\/#\/schema\/person\/82303287b39e5cf8e98e18e8008415c5\"},\"headline\":\"Coronavirus en Ericeira &#8211; \u00daltimas actualizaciones sobre Covid-19\",\"datePublished\":\"2020-07-09T16:42:21+00:00\",\"dateModified\":\"2022-04-09T17:12:58+00:00\",\"mainEntityOfPage\":{\"@id\":\"https:\/\/www.ecosoulericeira.com\/es\/2020\/07\/09\/coronavirus-en-ericeira-ultimas-actualizaciones-covid-19\/\"},\"wordCount\":1595,\"image\":{\"@id\":\"https:\/\/www.ecosoulericeira.com\/es\/2020\/07\/09\/coronavirus-en-ericeira-ultimas-actualizaciones-covid-19\/#primaryimage\"},\"thumbnailUrl\":\"https:\/\/www.ecosoulericeira.com\/wp-content\/uploads\/2018\/04\/ericeira-min.jpg\",\"articleSection\":[\"Coronavirus\"],\"inLanguage\":\"es\"},{\"@type\":\"WebPage\",\"@id\":\"https:\/\/www.ecosoulericeira.com\/es\/2020\/07\/09\/coronavirus-en-ericeira-ultimas-actualizaciones-covid-19\/\",\"url\":\"https:\/\/www.ecosoulericeira.com\/es\/2020\/07\/09\/coronavirus-en-ericeira-ultimas-actualizaciones-covid-19\/\",\"name\":\"Coronavirus en Ericeira 2022 - Ultimas actualizaciones - Eco Soul Ericeira\",\"isPartOf\":{\"@id\":\"https:\/\/www.ecosoulericeira.com\/es\/#website\"},\"primaryImageOfPage\":{\"@id\":\"https:\/\/www.ecosoulericeira.com\/es\/2020\/07\/09\/coronavirus-en-ericeira-ultimas-actualizaciones-covid-19\/#primaryimage\"},\"image\":{\"@id\":\"https:\/\/www.ecosoulericeira.com\/es\/2020\/07\/09\/coronavirus-en-ericeira-ultimas-actualizaciones-covid-19\/#primaryimage\"},\"thumbnailUrl\":\"https:\/\/www.ecosoulericeira.com\/wp-content\/uploads\/2018\/04\/ericeira-min.jpg\",\"datePublished\":\"2020-07-09T16:42:21+00:00\",\"dateModified\":\"2022-04-09T17:12:58+00:00\",\"author\":{\"@id\":\"https:\/\/www.ecosoulericeira.com\/es\/#\/schema\/person\/82303287b39e5cf8e98e18e8008415c5\"},\"description\":\"Coronavirus en Ericeira - \u00daltimas actualizaciones en 2022 sobre el Covid-19. Si planea viajar a Portugal este verano, este blog es para ti.\",\"breadcrumb\":{\"@id\":\"https:\/\/www.ecosoulericeira.com\/es\/2020\/07\/09\/coronavirus-en-ericeira-ultimas-actualizaciones-covid-19\/#breadcrumb\"},\"inLanguage\":\"es\",\"potentialAction\":[{\"@type\":\"ReadAction\",\"target\":[\"https:\/\/www.ecosoulericeira.com\/es\/2020\/07\/09\/coronavirus-en-ericeira-ultimas-actualizaciones-covid-19\/\"]}]},{\"@type\":\"ImageObject\",\"inLanguage\":\"es\",\"@id\":\"https:\/\/www.ecosoulericeira.com\/es\/2020\/07\/09\/coronavirus-en-ericeira-ultimas-actualizaciones-covid-19\/#primaryimage\",\"url\":\"https:\/\/www.ecosoulericeira.com\/wp-content\/uploads\/2018\/04\/ericeira-min.jpg\",\"contentUrl\":\"https:\/\/www.ecosoulericeira.com\/wp-content\/uploads\/2018\/04\/ericeira-min.jpg\",\"width\":1200,\"height\":674,\"caption\":\"Ribeira de Ilhas Ericeira Portugal\"},{\"@type\":\"BreadcrumbList\",\"@id\":\"https:\/\/www.ecosoulericeira.com\/es\/2020\/07\/09\/coronavirus-en-ericeira-ultimas-actualizaciones-covid-19\/#breadcrumb\",\"itemListElement\":[{\"@type\":\"ListItem\",\"position\":1,\"name\":\"In\u00edcio\",\"item\":\"https:\/\/www.ecosoulericeira.com\/es\/\"},{\"@type\":\"ListItem\",\"position\":2,\"name\":\"Coronavirus en Ericeira &#8211; \u00daltimas actualizaciones sobre Covid-19\"}]},{\"@type\":\"WebSite\",\"@id\":\"https:\/\/www.ecosoulericeira.com\/es\/#website\",\"url\":\"https:\/\/www.ecosoulericeira.com\/es\/\",\"name\":\"Eco Soul Ericeira\",\"description\":\"Ecological &amp; Charming Guesthouse\",\"potentialAction\":[{\"@type\":\"SearchAction\",\"target\":{\"@type\":\"EntryPoint\",\"urlTemplate\":\"https:\/\/www.ecosoulericeira.com\/es\/?s={search_term_string}\"},\"query-input\":{\"@type\":\"PropertyValueSpecification\",\"valueRequired\":true,\"valueName\":\"search_term_string\"}}],\"inLanguage\":\"es\"},{\"@type\":\"Person\",\"@id\":\"https:\/\/www.ecosoulericeira.com\/es\/#\/schema\/person\/82303287b39e5cf8e98e18e8008415c5\",\"name\":\"ecosoul\",\"image\":{\"@type\":\"ImageObject\",\"inLanguage\":\"es\",\"@id\":\"https:\/\/www.ecosoulericeira.com\/es\/#\/schema\/person\/image\/\",\"url\":\"https:\/\/secure.gravatar.com\/avatar\/ef523f2483f570fa876b9a80713e13a853f06c856f0c0ce96a367f69b8e2b065?s=96&d=mm&r=g\",\"contentUrl\":\"https:\/\/secure.gravatar.com\/avatar\/ef523f2483f570fa876b9a80713e13a853f06c856f0c0ce96a367f69b8e2b065?s=96&d=mm&r=g\",\"caption\":\"ecosoul\"},\"sameAs\":[\"http:\/\/www.ecosoulericeira.com\"],\"url\":\"https:\/\/www.ecosoulericeira.com\/es\/author\/ecosoul\/\"}]}<\/script>\n<!-- \/ Yoast SEO plugin. -->","yoast_head_json":{"title":"Coronavirus en Ericeira 2022 - Ultimas actualizaciones - Eco Soul Ericeira","description":"Coronavirus en Ericeira - \u00daltimas actualizaciones en 2022 sobre el Covid-19. Si planea viajar a Portugal este verano, este blog es para ti.","robots":{"index":"index","follow":"follow","max-snippet":"max-snippet:-1","max-image-preview":"max-image-preview:large","max-video-preview":"max-video-preview:-1"},"canonical":"https:\/\/www.ecosoulericeira.com\/es\/2020\/07\/09\/coronavirus-en-ericeira-ultimas-actualizaciones-covid-19\/","og_locale":"es_ES","og_type":"article","og_title":"Coronavirus en Ericeira 2022 - Ultimas actualizaciones - Eco Soul Ericeira","og_description":"Coronavirus en Ericeira - \u00daltimas actualizaciones en 2022 sobre el Covid-19. Si planea viajar a Portugal este verano, este blog es para ti.","og_url":"https:\/\/www.ecosoulericeira.com\/es\/2020\/07\/09\/coronavirus-en-ericeira-ultimas-actualizaciones-covid-19\/","og_site_name":"Eco Soul Ericeira","article_published_time":"2020-07-09T16:42:21+00:00","article_modified_time":"2022-04-09T17:12:58+00:00","og_image":[{"width":1200,"height":674,"url":"https:\/\/www.ecosoulericeira.com\/wp-content\/uploads\/2018\/04\/ericeira-min.jpg","type":"image\/jpeg"}],"author":"ecosoul","twitter_card":"summary_large_image","twitter_misc":{"Escrito por":"ecosoul","Tiempo de lectura":"7 minutos"},"schema":{"@context":"https:\/\/schema.org","@graph":[{"@type":"Article","@id":"https:\/\/www.ecosoulericeira.com\/es\/2020\/07\/09\/coronavirus-en-ericeira-ultimas-actualizaciones-covid-19\/#article","isPartOf":{"@id":"https:\/\/www.ecosoulericeira.com\/es\/2020\/07\/09\/coronavirus-en-ericeira-ultimas-actualizaciones-covid-19\/"},"author":{"name":"ecosoul","@id":"https:\/\/www.ecosoulericeira.com\/es\/#\/schema\/person\/82303287b39e5cf8e98e18e8008415c5"},"headline":"Coronavirus en Ericeira &#8211; \u00daltimas actualizaciones sobre Covid-19","datePublished":"2020-07-09T16:42:21+00:00","dateModified":"2022-04-09T17:12:58+00:00","mainEntityOfPage":{"@id":"https:\/\/www.ecosoulericeira.com\/es\/2020\/07\/09\/coronavirus-en-ericeira-ultimas-actualizaciones-covid-19\/"},"wordCount":1595,"image":{"@id":"https:\/\/www.ecosoulericeira.com\/es\/2020\/07\/09\/coronavirus-en-ericeira-ultimas-actualizaciones-covid-19\/#primaryimage"},"thumbnailUrl":"https:\/\/www.ecosoulericeira.com\/wp-content\/uploads\/2018\/04\/ericeira-min.jpg","articleSection":["Coronavirus"],"inLanguage":"es"},{"@type":"WebPage","@id":"https:\/\/www.ecosoulericeira.com\/es\/2020\/07\/09\/coronavirus-en-ericeira-ultimas-actualizaciones-covid-19\/","url":"https:\/\/www.ecosoulericeira.com\/es\/2020\/07\/09\/coronavirus-en-ericeira-ultimas-actualizaciones-covid-19\/","name":"Coronavirus en Ericeira 2022 - Ultimas actualizaciones - Eco Soul Ericeira","isPartOf":{"@id":"https:\/\/www.ecosoulericeira.com\/es\/#website"},"primaryImageOfPage":{"@id":"https:\/\/www.ecosoulericeira.com\/es\/2020\/07\/09\/coronavirus-en-ericeira-ultimas-actualizaciones-covid-19\/#primaryimage"},"image":{"@id":"https:\/\/www.ecosoulericeira.com\/es\/2020\/07\/09\/coronavirus-en-ericeira-ultimas-actualizaciones-covid-19\/#primaryimage"},"thumbnailUrl":"https:\/\/www.ecosoulericeira.com\/wp-content\/uploads\/2018\/04\/ericeira-min.jpg","datePublished":"2020-07-09T16:42:21+00:00","dateModified":"2022-04-09T17:12:58+00:00","author":{"@id":"https:\/\/www.ecosoulericeira.com\/es\/#\/schema\/person\/82303287b39e5cf8e98e18e8008415c5"},"description":"Coronavirus en Ericeira - \u00daltimas actualizaciones en 2022 sobre el Covid-19. Si planea viajar a Portugal este verano, este blog es para ti.","breadcrumb":{"@id":"https:\/\/www.ecosoulericeira.com\/es\/2020\/07\/09\/coronavirus-en-ericeira-ultimas-actualizaciones-covid-19\/#breadcrumb"},"inLanguage":"es","potentialAction":[{"@type":"ReadAction","target":["https:\/\/www.ecosoulericeira.com\/es\/2020\/07\/09\/coronavirus-en-ericeira-ultimas-actualizaciones-covid-19\/"]}]},{"@type":"ImageObject","inLanguage":"es","@id":"https:\/\/www.ecosoulericeira.com\/es\/2020\/07\/09\/coronavirus-en-ericeira-ultimas-actualizaciones-covid-19\/#primaryimage","url":"https:\/\/www.ecosoulericeira.com\/wp-content\/uploads\/2018\/04\/ericeira-min.jpg","contentUrl":"https:\/\/www.ecosoulericeira.com\/wp-content\/uploads\/2018\/04\/ericeira-min.jpg","width":1200,"height":674,"caption":"Ribeira de Ilhas Ericeira Portugal"},{"@type":"BreadcrumbList","@id":"https:\/\/www.ecosoulericeira.com\/es\/2020\/07\/09\/coronavirus-en-ericeira-ultimas-actualizaciones-covid-19\/#breadcrumb","itemListElement":[{"@type":"ListItem","position":1,"name":"In\u00edcio","item":"https:\/\/www.ecosoulericeira.com\/es\/"},{"@type":"ListItem","position":2,"name":"Coronavirus en Ericeira &#8211; \u00daltimas actualizaciones sobre Covid-19"}]},{"@type":"WebSite","@id":"https:\/\/www.ecosoulericeira.com\/es\/#website","url":"https:\/\/www.ecosoulericeira.com\/es\/","name":"Eco Soul Ericeira","description":"Ecological &amp; Charming Guesthouse","potentialAction":[{"@type":"SearchAction","target":{"@type":"EntryPoint","urlTemplate":"https:\/\/www.ecosoulericeira.com\/es\/?s={search_term_string}"},"query-input":{"@type":"PropertyValueSpecification","valueRequired":true,"valueName":"search_term_string"}}],"inLanguage":"es"},{"@type":"Person","@id":"https:\/\/www.ecosoulericeira.com\/es\/#\/schema\/person\/82303287b39e5cf8e98e18e8008415c5","name":"ecosoul","image":{"@type":"ImageObject","inLanguage":"es","@id":"https:\/\/www.ecosoulericeira.com\/es\/#\/schema\/person\/image\/","url":"https:\/\/secure.gravatar.com\/avatar\/ef523f2483f570fa876b9a80713e13a853f06c856f0c0ce96a367f69b8e2b065?s=96&d=mm&r=g","contentUrl":"https:\/\/secure.gravatar.com\/avatar\/ef523f2483f570fa876b9a80713e13a853f06c856f0c0ce96a367f69b8e2b065?s=96&d=mm&r=g","caption":"ecosoul"},"sameAs":["http:\/\/www.ecosoulericeira.com"],"url":"https:\/\/www.ecosoulericeira.com\/es\/author\/ecosoul\/"}]}},"_links":{"self":[{"href":"https:\/\/www.ecosoulericeira.com\/es\/wp-json\/wp\/v2\/posts\/2386","targetHints":{"allow":["GET"]}}],"collection":[{"href":"https:\/\/www.ecosoulericeira.com\/es\/wp-json\/wp\/v2\/posts"}],"about":[{"href":"https:\/\/www.ecosoulericeira.com\/es\/wp-json\/wp\/v2\/types\/post"}],"author":[{"embeddable":true,"href":"https:\/\/www.ecosoulericeira.com\/es\/wp-json\/wp\/v2\/users\/2"}],"replies":[{"embeddable":true,"href":"https:\/\/www.ecosoulericeira.com\/es\/wp-json\/wp\/v2\/comments?post=2386"}],"version-history":[{"count":6,"href":"https:\/\/www.ecosoulericeira.com\/es\/wp-json\/wp\/v2\/posts\/2386\/revisions"}],"predecessor-version":[{"id":3046,"href":"https:\/\/www.ecosoulericeira.com\/es\/wp-json\/wp\/v2\/posts\/2386\/revisions\/3046"}],"wp:featuredmedia":[{"embeddable":true,"href":"https:\/\/www.ecosoulericeira.com\/es\/wp-json\/wp\/v2\/media\/2015"}],"wp:attachment":[{"href":"https:\/\/www.ecosoulericeira.com\/es\/wp-json\/wp\/v2\/media?parent=2386"}],"wp:term":[{"taxonomy":"category","embeddable":true,"href":"https:\/\/www.ecosoulericeira.com\/es\/wp-json\/wp\/v2\/categories?post=2386"},{"taxonomy":"post_tag","embeddable":true,"href":"https:\/\/www.ecosoulericeira.com\/es\/wp-json\/wp\/v2\/tags?post=2386"}],"curies":[{"name":"wp","href":"https:\/\/api.w.org\/{rel}","templated":true}]}}